{"id":1228,"date":"2024-03-09T14:58:06","date_gmt":"2024-03-09T13:58:06","guid":{"rendered":"http:\/\/landjugend-gnodstadt.de\/wordpress\/?p=1228"},"modified":"2024-03-09T14:58:06","modified_gmt":"2024-03-09T13:58:06","slug":"jahreshauptversammlung-und-eintragung","status":"publish","type":"post","link":"https:\/\/landjugend-gnodstadt.de\/wordpress\/?p=1228","title":{"rendered":"Jahreshauptversammlung und Eintragung"},"content":{"rendered":"\n<p><strong>R\u00fcckblick<\/strong><\/p>\n\n\n\n<p>Am 01.03.2024 fand die allj\u00e4hrliche Mitgliederversammlung der Landjugend Gnodstadt statt. Vorstand Nikolas Hofmann freute sich, dass 45 Mitglieder erschienen sind. Der Jahresr\u00fcckblick von Vorstand und Schriftf\u00fchrer Michael D\u00fcll fiel f\u00fcr 2023 sehr positiv aus: Der Verein konnte mit Ausfl\u00fcgen und Veranstaltungen die Neumitglieder aus den letzten Jahren halten. Das Maibaumaufstellen und die Kirchweih waren au\u00dferordentlich gut besucht, und aus Sicht der Landjugend ein voller Erfolg. Besonders der gr\u00f6\u00dfere Umzug und das Schlepperreifenrennen an der Kerwa &#8211; diesmal auch f\u00fcr die Frauen &#8211; kamen sehr gut. Neu war die Einf\u00fchrung eines \u201eSpa\u00dfbudgets\u201c. Dieses soll den aktiven Mitglieder einen Anreiz geben, mehr zu helfen und daf\u00fcr bei den Ausfl\u00fcgen Geld zu sparen. Zudem wurde der Jugendraum im vergangenen Jahr renoviert und technisch auf den neusten Stand gebracht. Das gr\u00f6\u00dfte Ereignis 2023 war die \u201eWir holen den Sommer zur\u00fcck 4.0\u201c Fete mit DJ Pat Benedetti in der Reithalle. Taff geplant, mit einer sehr jungen \u2013 aber motivierten \u2013 Helferbasis, konnten schlussendlich alle Ziele erreicht und \u00fcbertroffen werden. \u00dcber 850 Besucher brachten das Barpersonal fast an die Kapazit\u00e4tsgrenzen.<\/p>\n\n\n\n<p>Kassier Stephan Erbar konnte ebenso nur positives berichten, denn trotz enormer Ausgaben konnte ein passabler Gewinn erwirtschaftet werden.<\/p>\n\n\n\n<p><strong>Neugr\u00fcndung der Landjugend Gnodstadt e.V.<\/strong><\/p>\n\n\n\n<p>Ein ausergew\u00f6hnlicher Punkt auf der Tagesordnung war die Eintragung des Vereins in das Vereinsregister. Ausf\u00fchrlich wurde \u00fcber Vor- und Nachteile eines e.V. beraten, die anschlie\u00dfende Abstimmung erfolgte einstimmig f\u00fcr die Eintragung. Die Gr\u00fcndungssatzung wurde durch sieben ehemalige erste Vorst\u00e4nde unterzeichnet.<\/p>\n\n\n\n<p><strong>Neuwahlen<\/strong><\/p>\n\n\n\n<p>Turnusgem\u00e4\u00df wurde die neue Vorstandschaft gew\u00e4hlt. Stephan Erbar machte nach \u00fcber zehn Jahren in der Vorstandschaft seinen Posten frei, auch Benedikt Mader stellte sich nach sieben Jahren nichtmehr zur Wahl. Beiden sind wir f\u00fcr ihr geleistetes Engagement sehr dankbar. F\u00fcr die zehn zu besetzenden \u00c4mter erkl\u00e4rten sich 16 Mitglieder bereit. Folgende Zusammensetzung wurde f\u00fcr die n\u00e4chsten zwei Jahre schlussendlich gew\u00e4hlt: 1. Vorsitzender: Nikolas Hofmann, 2. Vorsitzende: Melina D\u00fcll, 3. Vorsitzende: Alena Mader, Kassier: Simon Hofmann, Schriftf\u00fchrer: Michael D\u00fcll, Pressesprecher: Lena Ott, Beisitzer: Manuel Brand, Hannes Hofmann, Hagen Heid, Mirko Stahl. Noah Hofmann verzichtete bei Stimmgleichheit auf eine Stichwahl und gab sein Beisitzer Amt nach zwei Jahren weiter.<\/p>\n\n\n\n<figure class=\"wp-block-image aligncenter size-full\"><a href=\"http:\/\/landjugend-gnodstadt.de\/wordpress\/wp-content\/uploads\/2024\/03\/image.png\"><img loading=\"lazy\" decoding=\"async\" width=\"433\" height=\"350\" src=\"http:\/\/landjugend-gnodstadt.de\/wordpress\/wp-content\/uploads\/2024\/03\/image.png\" alt=\"\" class=\"wp-image-1229\" srcset=\"https:\/\/landjugend-gnodstadt.de\/wordpress\/wp-content\/uploads\/2024\/03\/image.png 433w, https:\/\/landjugend-gnodstadt.de\/wordpress\/wp-content\/uploads\/2024\/03\/image-300x242.png 300w\" sizes=\"auto, (max-width: 433px) 100vw, 433px\" \/><\/a><\/figure>\n\n\n\n<p>v.l. Mirko Stahl, Michael D\u00fcll, Melina D\u00fcll, Simon Hofmann, Nikolas Hofmann, Manuel Brand, Lena Ott, Hannes Hofmann, Alena Mader, es fehlte: Hagen Heid<\/p>\n\n\n\n<p>Die Landjugend Gnodstadt startet mit frischer Vorstandschaft gut ausgestattet in 2024, finanziell wie auch personell. Geplant sind auch in diesem Jahr wieder einige Ausfl\u00fcge und Veranstaltungen, insbesondere ein Ausflug mit \u00dcbernachtung in den Europapark. Neben der Wir holen den Sommer zur\u00fcck Fete am 19.10. wird es in diesem Jahr am Festwochenende der FFW auch einen Beatabend mit XTREME geben. Dieser findet am 07.06. statt. B\u00fcrgermeister Kopp und Stadtrat Mader lobten das Engagement der Jugend. Eine Ideensammlung f\u00fcr eine 72-Stunden Aktion 2025 wurde angeregt. Auch Gr\u00fcndungsvorstand der Landjugend und jetziger Vorstand des TSV Gnodstadt Michael Krau\u00df konnte bei einem R\u00fcckblick auf die ersten Jahre der Landjugend viel positives berichten. Er betonte, dass die Landjugend die Zukunft des Dorfes und k\u00fcnftiger Vereine sei, weshalb das Engagement der Mitglieder beibehalten werden soll.<\/p>\n\n\n\n<p>Anschlie\u00dfend an die Versammlung wurde im Jugendraum noch gemeinsam bis sp\u00e4t in die Nacht gefeiert.<\/p>\n\n\n\n<p>Die Landjugend Gnodstadt bedankt sich bei allen Mitglieder und Unterst\u00fctzern, die uns 2023 helfend zur Seite standen.<\/p>\n","protected":false},"excerpt":{"rendered":"<p>R\u00fcckblick Am 01.03.2024 fand die allj\u00e4hrliche Mitgliederversammlung der Landjugend Gnodstadt statt. Vorstand Nikolas Hofmann freute sich, dass 45 Mitglieder erschienen sind. Der Jahresr\u00fcckblick von Vorstand und Schriftf\u00fchrer Michael D\u00fcll fiel f\u00fcr 2023 sehr positiv aus: Der Verein konnte mit Ausfl\u00fcgen und Veranstaltungen die Neumitglieder aus den letzten Jahren halten. Das Maibaumaufstellen und die Kirchweih waren [&#8230;]<\/p>\n","protected":false},"author":1,"featured_media":1229,"comment_status":"closed","ping_status":"open","sticky":false,"template":"","format":"standard","meta":{"footnotes":""},"categories":[1],"tags":[],"class_list":["post-1228","post","type-post","status-publish","format-standard","has-post-thumbnail","hentry","category-allgemein"],"_links":{"self":[{"href":"https:\/\/landjugend-gnodstadt.de\/wordpress\/index.php?rest_route=\/wp\/v2\/posts\/1228","targetHints":{"allow":["GET"]}}],"collection":[{"href":"https:\/\/landjugend-gnodstadt.de\/wordpress\/index.php?rest_route=\/wp\/v2\/posts"}],"about":[{"href":"https:\/\/landjugend-gnodstadt.de\/wordpress\/index.php?rest_route=\/wp\/v2\/types\/post"}],"author":[{"embeddable":true,"href":"https:\/\/landjugend-gnodstadt.de\/wordpress\/index.php?rest_route=\/wp\/v2\/users\/1"}],"replies":[{"embeddable":true,"href":"https:\/\/landjugend-gnodstadt.de\/wordpress\/index.php?rest_route=%2Fwp%2Fv2%2Fcomments&post=1228"}],"version-history":[{"count":1,"href":"https:\/\/landjugend-gnodstadt.de\/wordpress\/index.php?rest_route=\/wp\/v2\/posts\/1228\/revisions"}],"predecessor-version":[{"id":1230,"href":"https:\/\/landjugend-gnodstadt.de\/wordpress\/index.php?rest_route=\/wp\/v2\/posts\/1228\/revisions\/1230"}],"wp:featuredmedia":[{"embeddable":true,"href":"https:\/\/landjugend-gnodstadt.de\/wordpress\/index.php?rest_route=\/wp\/v2\/media\/1229"}],"wp:attachment":[{"href":"https:\/\/landjugend-gnodstadt.de\/wordpress\/index.php?rest_route=%2Fwp%2Fv2%2Fmedia&parent=1228"}],"wp:term":[{"taxonomy":"category","embeddable":true,"href":"https:\/\/landjugend-gnodstadt.de\/wordpress\/index.php?rest_route=%2Fwp%2Fv2%2Fcategories&post=1228"},{"taxonomy":"post_tag","embeddable":true,"href":"https:\/\/landjugend-gnodstadt.de\/wordpress\/index.php?rest_route=%2Fwp%2Fv2%2Ftags&post=1228"}],"curies":[{"name":"wp","href":"https:\/\/api.w.org\/{rel}","templated":true}]}}